
			
				

					
				

			
		{"items":"\n\t\t\t\t\t\t\t\t\t\t\t\n<article id=\"post-16050\" class=\"wd-post blog-design-masonry blog-post-loop blog-style-bg wd-add-shadow wd-col post-16050 post type-post status-publish format-standard has-post-thumbnail hentry category-psicologia\">\n\t<div class=\"wd-post-inner article-inner\">\n\t\t\t\t\t<div class=\"wd-post-thumb entry-header\">\n\t\t\t\t\t\t\t\t\t<div class=\"wd-post-img post-img-wrapp\">\n\t\t\t\t\t\t<img width=\"1140\" height=\"659\" src=\"https:\/\/okidokifamily.cl\/wp-content\/uploads\/2023\/10\/como-ayudar-a-los-ninos-con-sus-miedos.jpg\" class=\"attachment-large size-large\" alt=\"\" decoding=\"async\" fetchpriority=\"high\" srcset=\"https:\/\/okidokifamily.cl\/wp-content\/uploads\/2023\/10\/como-ayudar-a-los-ninos-con-sus-miedos.jpg 1140w, https:\/\/okidokifamily.cl\/wp-content\/uploads\/2023\/10\/como-ayudar-a-los-ninos-con-sus-miedos-400x231.jpg 400w, https:\/\/okidokifamily.cl\/wp-content\/uploads\/2023\/10\/como-ayudar-a-los-ninos-con-sus-miedos-768x444.jpg 768w\" sizes=\"(max-width: 1140px) 100vw, 1140px\" \/>\t\t\t\t\t<\/div>\n\t\t\t\t\t\t\t\t\t\t<a class=\"wd-fill\" tabindex=\"-1\" href=\"https:\/\/okidokifamily.cl\/5-consejos-para-hablar-de-los-miedos-de-los-ninos-en-halloween\/\" aria-label=\"Link on post 5 consejos para hablar de los miedos de los ni\u00f1os en Halloween\"><\/a>\n\t\t\t\t\n\t\t\t\t\t\t\t\t\t\t\t\t<link rel=\"stylesheet\" id=\"wd-post-types-mod-date-style-bg-css\" href=\"https:\/\/okidokifamily.cl\/wp-content\/themes\/woodmart\/css\/parts\/post-types-mod-date-style-bg.min.css?ver=8.3.8\" type=\"text\/css\" media=\"all\" \/> \t\t\t\t\t\t<div class=\"wd-post-date wd-style-with-bg\">\n\t\t\t\t<span class=\"post-date-day\">\n\t\t\t\t\t31\t\t\t\t<\/span>\n\t\t\t\t<span class=\"post-date-month\">\n\t\t\t\t\tOct\t\t\t\t<\/span>\n\t\t\t<\/div>\n\t\t\t\t\t\t\t\t\t<\/div>\n\t\t\n\t\t<div class=\"wd-post-content article-body-container\">\n\t\t\t\n\t\t\t\t\t\t\t<h3 class=\"wd-post-title wd-entities-title title post-title\">\n\t\t\t\t\t<a href=\"https:\/\/okidokifamily.cl\/5-consejos-para-hablar-de-los-miedos-de-los-ninos-en-halloween\/\" rel=\"bookmark\">5 consejos para hablar de los miedos de los ni\u00f1os en Halloween<\/a>\n\t\t\t\t<\/h3>\n\t\t\t\n\t\t\t\n\t\t\t\t\t\t\t\t\t\t\t\t<div class=\"wd-post-excerpt entry-content\">\n\t\t\t\t\t\tDescubre c\u00f3mo hacer de Halloween una oportunidad para abordar los miedos de tus hijos de manera comprensiva y terap\u00e9utica. Lee m\u00e1s en Oki Doki Family.\t\t\t\t\t<\/div>\n\t\t\t\t\n\t\t\t\t\t\t\t\t\t\t\t\t\t\t<div class=\"wd-post-read-more wd-style-link read-more-section\">\n\t\t\t\t\t\t<a class=\"\" href=\"https:\/\/okidokifamily.cl\/5-consejos-para-hablar-de-los-miedos-de-los-ninos-en-halloween\/\">Seguir leyendo<\/a>\t\t\t\t\t<\/div>\n\t\t\t\t\t\t\t\t\t\t\t\t\t<\/div>\n\t<\/div>\n<\/article>\n\n\t\t\t\t\t\t\t\t\t\t\t\n<article id=\"post-16007\" class=\"wd-post blog-design-masonry blog-post-loop blog-style-bg wd-add-shadow wd-col post-16007 post type-post status-publish format-standard has-post-thumbnail hentry category-psicologia\">\n\t<div class=\"wd-post-inner article-inner\">\n\t\t\t\t\t<div class=\"wd-post-thumb entry-header\">\n\t\t\t\t\t\t\t\t\t<div class=\"wd-post-img post-img-wrapp\">\n\t\t\t\t\t\t<img width=\"1140\" height=\"659\" src=\"https:\/\/okidokifamily.cl\/wp-content\/uploads\/2023\/09\/Depresion-Infantil_Oki-Doki-Family.jpg\" class=\"attachment-large size-large\" alt=\"\" decoding=\"async\" srcset=\"https:\/\/okidokifamily.cl\/wp-content\/uploads\/2023\/09\/Depresion-Infantil_Oki-Doki-Family.jpg 1140w, https:\/\/okidokifamily.cl\/wp-content\/uploads\/2023\/09\/Depresion-Infantil_Oki-Doki-Family-400x231.jpg 400w, https:\/\/okidokifamily.cl\/wp-content\/uploads\/2023\/09\/Depresion-Infantil_Oki-Doki-Family-768x444.jpg 768w\" sizes=\"(max-width: 1140px) 100vw, 1140px\" \/>\t\t\t\t\t<\/div>\n\t\t\t\t\t\t\t\t\t\t<a class=\"wd-fill\" tabindex=\"-1\" href=\"https:\/\/okidokifamily.cl\/que-hacer-si-tu-hijo-tiene-depresion-detectar-y-tratar-la-depresion-infantil\/\" aria-label=\"Link on post \u00bfQu\u00e9 hacer si tu hijo tiene depresi\u00f3n? Detectar y tratar la depresi\u00f3n infantil\"><\/a>\n\t\t\t\t\n\t\t\t\t\t\t\t\t\t\t\t\t<div class=\"wd-post-date wd-style-with-bg\">\n\t\t\t\t<span class=\"post-date-day\">\n\t\t\t\t\t24\t\t\t\t<\/span>\n\t\t\t\t<span class=\"post-date-month\">\n\t\t\t\t\tSep\t\t\t\t<\/span>\n\t\t\t<\/div>\n\t\t\t\t\t\t\t\t\t<\/div>\n\t\t\n\t\t<div class=\"wd-post-content article-body-container\">\n\t\t\t\n\t\t\t\t\t\t\t<h3 class=\"wd-post-title wd-entities-title title post-title\">\n\t\t\t\t\t<a href=\"https:\/\/okidokifamily.cl\/que-hacer-si-tu-hijo-tiene-depresion-detectar-y-tratar-la-depresion-infantil\/\" rel=\"bookmark\">\u00bfQu\u00e9 hacer si tu hijo tiene depresi\u00f3n? Detectar y tratar la depresi\u00f3n infantil<\/a>\n\t\t\t\t<\/h3>\n\t\t\t\n\t\t\t\n\t\t\t\t\t\t\t\t\t\t\t\t<div class=\"wd-post-excerpt entry-content\">\n\t\t\t\t\t\tLos ni\u00f1os tambi\u00e9n pueden experimentar depresi\u00f3n, y es crucial detectarla y tratarla a tiempo. En nuestro art\u00edculo, te presentamos las se\u00f1ales, causas y c\u00f3mo ayudar a tu hijo en esta lucha contra la depresi\u00f3n infantil.\t\t\t\t\t<\/div>\n\t\t\t\t\n\t\t\t\t\t\t\t\t\t\t\t\t\t\t<div class=\"wd-post-read-more wd-style-link read-more-section\">\n\t\t\t\t\t\t<a class=\"\" href=\"https:\/\/okidokifamily.cl\/que-hacer-si-tu-hijo-tiene-depresion-detectar-y-tratar-la-depresion-infantil\/\">Seguir leyendo<\/a>\t\t\t\t\t<\/div>\n\t\t\t\t\t\t\t\t\t\t\t\t\t<\/div>\n\t<\/div>\n<\/article>\n\n\t\t\t\t\t\t\t\t\t\t\t\n<article id=\"post-15958\" class=\"wd-post blog-design-masonry blog-post-loop blog-style-bg wd-add-shadow wd-col post-15958 post type-post status-publish format-standard has-post-thumbnail hentry category-terapia-ocupacional\">\n\t<div class=\"wd-post-inner article-inner\">\n\t\t\t\t\t<div class=\"wd-post-thumb entry-header\">\n\t\t\t\t\t\t\t\t\t<div class=\"wd-post-img post-img-wrapp\">\n\t\t\t\t\t\t<img width=\"1140\" height=\"659\" src=\"https:\/\/okidokifamily.cl\/wp-content\/uploads\/2023\/08\/Terapia-Ocupacional-en-Ninos.jpg\" class=\"attachment-large size-large\" alt=\"\" decoding=\"async\" srcset=\"https:\/\/okidokifamily.cl\/wp-content\/uploads\/2023\/08\/Terapia-Ocupacional-en-Ninos.jpg 1140w, https:\/\/okidokifamily.cl\/wp-content\/uploads\/2023\/08\/Terapia-Ocupacional-en-Ninos-400x231.jpg 400w, https:\/\/okidokifamily.cl\/wp-content\/uploads\/2023\/08\/Terapia-Ocupacional-en-Ninos-768x444.jpg 768w\" sizes=\"(max-width: 1140px) 100vw, 1140px\" \/>\t\t\t\t\t<\/div>\n\t\t\t\t\t\t\t\t\t\t<a class=\"wd-fill\" tabindex=\"-1\" href=\"https:\/\/okidokifamily.cl\/terapia-ocupacional-en-ninos-potenciando-habilidades-a-traves-del-juego-en-oki-doki-family\/\" aria-label=\"Link on post Terapia Ocupacional en Ni\u00f1os: Potenciando Habilidades a trav\u00e9s del Juego en Oki Doki Family\"><\/a>\n\t\t\t\t\n\t\t\t\t\t\t\t\t\t\t\t\t<div class=\"wd-post-date wd-style-with-bg\">\n\t\t\t\t<span class=\"post-date-day\">\n\t\t\t\t\t18\t\t\t\t<\/span>\n\t\t\t\t<span class=\"post-date-month\">\n\t\t\t\t\tAgo\t\t\t\t<\/span>\n\t\t\t<\/div>\n\t\t\t\t\t\t\t\t\t<\/div>\n\t\t\n\t\t<div class=\"wd-post-content article-body-container\">\n\t\t\t\n\t\t\t\t\t\t\t<h3 class=\"wd-post-title wd-entities-title title post-title\">\n\t\t\t\t\t<a href=\"https:\/\/okidokifamily.cl\/terapia-ocupacional-en-ninos-potenciando-habilidades-a-traves-del-juego-en-oki-doki-family\/\" rel=\"bookmark\">Terapia Ocupacional en Ni\u00f1os: Potenciando Habilidades a trav\u00e9s del Juego en Oki Doki Family<\/a>\n\t\t\t\t<\/h3>\n\t\t\t\n\t\t\t\n\t\t\t\t\t\t\t\t\t\t\t\t<div class=\"wd-post-excerpt entry-content\">\n\t\t\t\t\t\tConoce c\u00f3mo la Terapia Ocupacional transforma vidas de ni\u00f1os en Oki Doki Family. Juego, desarrollo y apoyo integral. \u00a1Lee m\u00e1s ahora!\t\t\t\t\t<\/div>\n\t\t\t\t\n\t\t\t\t\t\t\t\t\t\t\t\t\t\t<div class=\"wd-post-read-more wd-style-link read-more-section\">\n\t\t\t\t\t\t<a class=\"\" href=\"https:\/\/okidokifamily.cl\/terapia-ocupacional-en-ninos-potenciando-habilidades-a-traves-del-juego-en-oki-doki-family\/\">Seguir leyendo<\/a>\t\t\t\t\t<\/div>\n\t\t\t\t\t\t\t\t\t\t\t\t\t<\/div>\n\t<\/div>\n<\/article>\n\n\t\t\t\t\t\t\t\t\t\t\t\n<article id=\"post-15891\" class=\"wd-post blog-design-masonry blog-post-loop blog-style-bg wd-add-shadow wd-col post-15891 post type-post status-publish format-standard has-post-thumbnail hentry category-fonoaudiologia\">\n\t<div class=\"wd-post-inner article-inner\">\n\t\t\t\t\t<div class=\"wd-post-thumb entry-header\">\n\t\t\t\t\t\t\t\t\t<div class=\"wd-post-img post-img-wrapp\">\n\t\t\t\t\t\t<img width=\"1140\" height=\"659\" src=\"https:\/\/okidokifamily.cl\/wp-content\/uploads\/2023\/07\/trastornos-del-lenguaje.jpg\" class=\"attachment-large size-large\" alt=\"\" decoding=\"async\" loading=\"lazy\" srcset=\"https:\/\/okidokifamily.cl\/wp-content\/uploads\/2023\/07\/trastornos-del-lenguaje.jpg 1140w, https:\/\/okidokifamily.cl\/wp-content\/uploads\/2023\/07\/trastornos-del-lenguaje-400x231.jpg 400w, https:\/\/okidokifamily.cl\/wp-content\/uploads\/2023\/07\/trastornos-del-lenguaje-768x444.jpg 768w\" sizes=\"auto, (max-width: 1140px) 100vw, 1140px\" \/>\t\t\t\t\t<\/div>\n\t\t\t\t\t\t\t\t\t\t<a class=\"wd-fill\" tabindex=\"-1\" href=\"https:\/\/okidokifamily.cl\/trastornos-del-lenguaje-entendiendo-y-abordando-las-dificultades-de-comunicacion\/\" aria-label=\"Link on post Trastornos del Lenguaje: Entendiendo y Abordando las Dificultades de Comunicaci\u00f3n\"><\/a>\n\t\t\t\t\n\t\t\t\t\t\t\t\t\t\t\t\t<div class=\"wd-post-date wd-style-with-bg\">\n\t\t\t\t<span class=\"post-date-day\">\n\t\t\t\t\t25\t\t\t\t<\/span>\n\t\t\t\t<span class=\"post-date-month\">\n\t\t\t\t\tJul\t\t\t\t<\/span>\n\t\t\t<\/div>\n\t\t\t\t\t\t\t\t\t<\/div>\n\t\t\n\t\t<div class=\"wd-post-content article-body-container\">\n\t\t\t\n\t\t\t\t\t\t\t<h3 class=\"wd-post-title wd-entities-title title post-title\">\n\t\t\t\t\t<a href=\"https:\/\/okidokifamily.cl\/trastornos-del-lenguaje-entendiendo-y-abordando-las-dificultades-de-comunicacion\/\" rel=\"bookmark\">Trastornos del Lenguaje: Entendiendo y Abordando las Dificultades de Comunicaci\u00f3n<\/a>\n\t\t\t\t<\/h3>\n\t\t\t\n\t\t\t\n\t\t\t\t\t\t\t\t\t\t\t\t<div class=\"wd-post-excerpt entry-content\">\n\t\t\t\t\t\tDescubre c\u00f3mo abordar trastornos del lenguaje en nuestro art\u00edculo de blog. Mejora la comunicaci\u00f3n y calidad de vida con Oki Doki Family. \ud83d\udde3\ufe0f\t\t\t\t\t<\/div>\n\t\t\t\t\n\t\t\t\t\t\t\t\t\t\t\t\t\t\t<div class=\"wd-post-read-more wd-style-link read-more-section\">\n\t\t\t\t\t\t<a class=\"\" href=\"https:\/\/okidokifamily.cl\/trastornos-del-lenguaje-entendiendo-y-abordando-las-dificultades-de-comunicacion\/\">Seguir leyendo<\/a>\t\t\t\t\t<\/div>\n\t\t\t\t\t\t\t\t\t\t\t\t\t<\/div>\n\t<\/div>\n<\/article>\n\n\t\t\t\t\t\n\t\t\t\t\t","status":"no-more-posts","nextPage":"?woo_ajax=1","currentPage":"https:\/\/okidokifamily.cl\/blog\/page\/2"}